{"id":1052,"date":"2022-03-14T15:08:37","date_gmt":"2022-03-14T14:08:37","guid":{"rendered":"http:\/\/famelona.mg\/?p=1052"},"modified":"2022-03-18T05:52:46","modified_gmt":"2022-03-18T04:52:46","slug":"emission-speciale-08-mars","status":"publish","type":"post","link":"https:\/\/famelona.mg\/?p=1052","title":{"rendered":"Emission Sp\u00e9ciale 08 Mars"},"content":{"rendered":"\n<p>Une \u00e9mission sp\u00e9ciale a \u00e9t\u00e9 diffus\u00e9 le 08 Mars 2022 \u00e0 20h sur la radio rurale Ambanja &#8211; Fm 99.6 sur le th\u00e8me de \u00ab\u00a0la place de la femme dans le developpement durable.\u00a0\u00bb<\/p>\n\n\n\n<p>Ont particip\u00e9 \u00e0 l&rsquo;\u00e9mission: <\/p>\n\n\n\n<p><strong>Eugenie VOANGINIRINA<\/strong> &#8211; Chef de service de la population, de la protection sociale et de la promotion de la femme (Ambanja)<\/p>\n\n\n\n<p><strong>Seraphine KALOBE<\/strong> &#8211; Pr\u00e9sidente Vehivavy 08 Mars Ambanja<\/p>\n\n\n\n<p><strong>Elysa AMBARY<\/strong> &#8211; Assistante de developpement au sein de l&rsquo;Association Famelona<\/p>\n\n\n\n<p><strong>Nathalie ABDULAH<\/strong> &#8211; Pr\u00e9sident Femmes Paysannes Galoko-Kalobinono <\/p>\n\n\n\n<p><strong>Noeline RAZANAJAFY<\/strong> &#8211; Femme Paysane<\/p>\n\n\n\n<p>L&rsquo;\u00e9mission a \u00e9t\u00e9 annim\u00e9e par Kinis Bezandry<\/p>\n\n\n\n<iframe loading=\"lazy\" width=\"100%\" height=\"300\" scrolling=\"no\" frameborder=\"no\" allow=\"autoplay\" src=\"https:\/\/w.soundcloud.com\/player\/?url=https%3A\/\/api.soundcloud.com\/tracks\/1232081821&#038;color=%23ff5500&#038;auto_play=false&#038;hide_related=false&#038;show_comments=true&#038;show_user=true&#038;show_reposts=false&#038;show_teaser=true&#038;visual=true\"><\/iframe><div style=\"font-size: 10px; color: #cccccc;line-break: anywhere;word-break: normal;overflow: hidden;white-space: nowrap;text-overflow: ellipsis; font-family: Interstate,Lucida Grande,Lucida Sans Unicode,Lucida Sans,Garuda,Verdana,Tahoma,sans-serif;font-weight: 100;\"><a href=\"https:\/\/soundcloud.com\/user-974770310\" title=\"Association Famelona\" target=\"_blank\" style=\"color: #cccccc; text-decoration: none;\" rel=\"noopener\">Association Famelona<\/a> \u00b7 <a href=\"https:\/\/soundcloud.com\/user-974770310\/emission-08-mars-famelona\" title=\"Emission 08 Mars Famelona\" target=\"_blank\" style=\"color: #cccccc; text-decoration: none;\" rel=\"noopener\">Emission 08 Mars Famelona<\/a><\/div>\n\n\n\n<p>Transcription audio &#8211; <a href=\"#\">Bient\u00f4t disponible<\/a><\/p>\n\n\n\n<p>Cet \u00e9mission a \u00e9t\u00e9 r\u00e9alis\u00e9e avec l&rsquo;appui de<\/p>\n\n\n\n<figure class=\"wp-block-image size-full is-resized\"><img decoding=\"async\" src=\"https:\/\/i0.wp.com\/famelona.mg\/wp-content\/uploads\/2022\/03\/COMP-FAE-JPEG-1.jpg?resize=387%2C139&#038;ssl=1\" alt=\"\" class=\"wp-image-1077\" width=\"387\" height=\"139\" srcset=\"https:\/\/i0.wp.com\/famelona.mg\/wp-content\/uploads\/2022\/03\/COMP-FAE-JPEG-1.jpg?w=1024&amp;ssl=1 1024w, https:\/\/i0.wp.com\/famelona.mg\/wp-content\/uploads\/2022\/03\/COMP-FAE-JPEG-1.jpg?resize=300%2C108&amp;ssl=1 300w, https:\/\/i0.wp.com\/famelona.mg\/wp-content\/uploads\/2022\/03\/COMP-FAE-JPEG-1.jpg?resize=768%2C277&amp;ssl=1 768w, https:\/\/i0.wp.com\/famelona.mg\/wp-content\/uploads\/2022\/03\/COMP-FAE-JPEG-1.jpg?resize=920%2C332&amp;ssl=1 920w, https:\/\/i0.wp.com\/famelona.mg\/wp-content\/uploads\/2022\/03\/COMP-FAE-JPEG-1.jpg?resize=230%2C83&amp;ssl=1 230w, https:\/\/i0.wp.com\/famelona.mg\/wp-content\/uploads\/2022\/03\/COMP-FAE-JPEG-1.jpg?resize=350%2C126&amp;ssl=1 350w, https:\/\/i0.wp.com\/famelona.mg\/wp-content\/uploads\/2022\/03\/COMP-FAE-JPEG-1.jpg?resize=480%2C173&amp;ssl=1 480w\" sizes=\"(max-width: 387px) 100vw, 387px\" data-recalc-dims=\"1\" \/><\/figure>\n","protected":false},"excerpt":{"rendered":"<p>Une \u00e9mission sp\u00e9ciale a \u00e9t\u00e9 diffus\u00e9 le 08 Mars 2022 \u00e0 20h sur la radio rurale Ambanja &#8211; Fm 99.6 sur le [&hellip;]<\/p>\n","protected":false},"author":1,"featured_media":1053,"comment_status":"closed","ping_status":"open","sticky":false,"template":"","format":"standard","meta":{"advgb_blocks_editor_width":"","advgb_blocks_columns_visual_guide":"","episode_type":"","audio_file":"","cover_image":"","cover_image_id":"","duration":"","filesize":"","date_recorded":"","explicit":"","block":"","filesize_raw":"","footnotes":"","jetpack_publicize_message":"","jetpack_is_tweetstorm":false,"jetpack_publicize_feature_enabled":true,"jetpack_social_options":[]},"categories":[3,1],"tags":[],"jetpack_publicize_connections":[],"aioseo_notices":[],"author_meta":{"display_name":"Association Famelona","author_link":"https:\/\/famelona.mg\/?author=1"},"featured_img":"https:\/\/i0.wp.com\/famelona.mg\/wp-content\/uploads\/2022\/03\/274933516_3109198122683338_1323025215186019388_n.jpg?fit=300%2C300&ssl=1","jetpack_featured_media_url":"https:\/\/i0.wp.com\/famelona.mg\/wp-content\/uploads\/2022\/03\/274933516_3109198122683338_1323025215186019388_n.jpg?fit=1080%2C1080&ssl=1","coauthors":[],"tax_additional":{"categories":{"linked":["<a href=\"https:\/\/famelona.mg\/?cat=3\" class=\"advgb-post-tax-term\">Axes d&#039;interventions<\/a>","<a href=\"https:\/\/famelona.mg\/?cat=1\" class=\"advgb-post-tax-term\">Non class\u00e9<\/a>"],"unlinked":["<span class=\"advgb-post-tax-term\">Axes d&#039;interventions<\/span>","<span class=\"advgb-post-tax-term\">Non class\u00e9<\/span>"]}},"comment_count":"0","relative_dates":{"created":"Publi\u00e9 4 ans il y a","modified":"Mis \u00e0 jour 4 ans il y a"},"absolute_dates":{"created":"Publi\u00e9 le 14 mars 2022","modified":"Mise \u00e0 jour le 18 mars 2022"},"absolute_dates_time":{"created":"Publi\u00e9 le 14 mars 2022 15 h 08 min","modified":"Mise \u00e0 jour le 18 mars 2022 5 h 52 min"},"featured_img_caption":"","series_order":"","jetpack_likes_enabled":true,"jetpack_sharing_enabled":true,"_links":{"self":[{"href":"https:\/\/famelona.mg\/index.php?rest_route=\/wp\/v2\/posts\/1052"}],"collection":[{"href":"https:\/\/famelona.mg\/index.php?rest_route=\/wp\/v2\/posts"}],"about":[{"href":"https:\/\/famelona.mg\/index.php?rest_route=\/wp\/v2\/types\/post"}],"author":[{"embeddable":true,"href":"https:\/\/famelona.mg\/index.php?rest_route=\/wp\/v2\/users\/1"}],"replies":[{"embeddable":true,"href":"https:\/\/famelona.mg\/index.php?rest_route=%2Fwp%2Fv2%2Fcomments&post=1052"}],"version-history":[{"count":12,"href":"https:\/\/famelona.mg\/index.php?rest_route=\/wp\/v2\/posts\/1052\/revisions"}],"predecessor-version":[{"id":1079,"href":"https:\/\/famelona.mg\/index.php?rest_route=\/wp\/v2\/posts\/1052\/revisions\/1079"}],"wp:featuredmedia":[{"embeddable":true,"href":"https:\/\/famelona.mg\/index.php?rest_route=\/wp\/v2\/media\/1053"}],"wp:attachment":[{"href":"https:\/\/famelona.mg\/index.php?rest_route=%2Fwp%2Fv2%2Fmedia&parent=1052"}],"wp:term":[{"taxonomy":"category","embeddable":true,"href":"https:\/\/famelona.mg\/index.php?rest_route=%2Fwp%2Fv2%2Fcategories&post=1052"},{"taxonomy":"post_tag","embeddable":true,"href":"https:\/\/famelona.mg\/index.php?rest_route=%2Fwp%2Fv2%2Ftags&post=1052"}],"curies":[{"name":"wp","href":"https:\/\/api.w.org\/{rel}","templated":true}]}}