{"id":720,"date":"2020-11-11T08:13:18","date_gmt":"2020-11-11T07:13:18","guid":{"rendered":"http:\/\/famelona.mg\/?p=720"},"modified":"2020-11-11T14:11:13","modified_gmt":"2020-11-11T13:11:13","slug":"emissions-radio","status":"publish","type":"post","link":"https:\/\/famelona.mg\/?p=720","title":{"rendered":"Emissions Radio"},"content":{"rendered":"\n<p>Dans sa d\u00e9marche, l&rsquo;Association pr\u00f4ne toujours une approche de proximit\u00e9 et inclusive. Aussi, dans le cadre de ses missions d\u2019\u00e9ducation durable, l\u2019Association Famelona produit une \u00e9mission radiophonique \u00ab\u00a0<strong>Atiala voakobaby, tontolo iainana voakajy, azo antoka ny hoavy<\/strong>\u00a0\u00bb sur des stations locales afin de sensibiliser les communaut\u00e9s sur les enjeux environnementaux. Ce support a \u00e9t\u00e9 choisi sp\u00e9cialement afin de toucher le maximum de public dans les zones d\u2019interventions qui n\u2019ont souvent acc\u00e8s \u00e0 l\u2019information que par voie radiophonique.<\/p>\n\n\n\n<p>Vous pouvez \u00e9couter ici, quelques extraits de ces \u00e9missions qui sont diffus\u00e9 tous les mardis et jeudi.<audio src=\"https:\/\/famelona.mg\/wp-content\/uploads\/2020\/11\/Emission-akomba-modif.mp3\"><\/audio><\/p>\n\n\n\n<p><\/p>\n\n\n\n<figure class=\"wp-block-audio\"><audio controls src=\"https:\/\/famelona.mg\/wp-content\/uploads\/2020\/11\/Emission-akomba-modif.mp3\"><\/audio><figcaption>Emission du 10 Novembre 2020 &#8211; Akomba Ampasindava<\/figcaption><\/figure>\n\n\n\n<figure class=\"wp-block-audio\"><audio controls src=\"https:\/\/famelona.mg\/wp-content\/uploads\/2020\/02\/EMISSION-FAMELONA-DU-11-FEVRIER-2020.mp3\"><\/audio><figcaption>Emission du 11 f\u00e9vrier 2020 &#8211; \u00e9ducation environnemetale &#8211; genre<\/figcaption><\/figure>\n\n\n\n<figure class=\"wp-block-audio\"><audio controls src=\"https:\/\/famelona.mg\/wp-content\/uploads\/2020\/02\/EMISSION-FAMELONA-DU-04-FEVRIER-2020.mp3\"><\/audio><figcaption>Emission du 04 f\u00e9vrier 2020 &#8211; Centre d&rsquo;information et de documentation villageois<\/figcaption><\/figure>\n\n\n\n<figure class=\"wp-block-audio\"><audio controls src=\"https:\/\/famelona.mg\/wp-content\/uploads\/2019\/09\/EMISSION-FAMELONA-CE-08-JENVIER-2019-Radio-Nosy-Manitra.mp3\"><\/audio><figcaption>Emission du 08 janvier 2019 &#8211; Galoko Kalobinono<\/figcaption><\/figure>\n\n\n\n<figure class=\"wp-block-audio\"><audio controls src=\"https:\/\/famelona.mg\/wp-content\/uploads\/2020\/02\/EMISSION-FAMELOGNO-DU-29-OCTOBRE-2019.mp3\"><\/audio><figcaption>Emission du 29 septembre 2019 &#8211; Formations Alternatives \u00e9conomiques \u00e0 Ampasindava<\/figcaption><\/figure>\n\n\n\n<figure class=\"wp-block-audio\"><audio controls src=\"https:\/\/famelona.mg\/wp-content\/uploads\/2020\/02\/EMISSION-FAMELOGNO-DU-05-N0VEMBRE-2019.mp3\"><\/audio><figcaption>Emission du 05 Novembre 2019 &#8211; Noyau Dur Galoko Kalobinono<\/figcaption><\/figure>\n\n\n\n<figure class=\"wp-block-audio\"><audio controls src=\"https:\/\/famelona.mg\/wp-content\/uploads\/2020\/02\/EMISSION-FAMELONA-CE-30-AVRIL-2019.mp3\"><\/audio><figcaption>Emission du 30 Avril 2019 &#8211; Centre d&rsquo;information et de documentation villageois Ambaliha<\/figcaption><\/figure>\n\n\n\n<figure class=\"wp-block-audio\"><audio controls src=\"https:\/\/famelona.mg\/wp-content\/uploads\/2019\/09\/EMISSION-FAMELONA-CE-22-01-2019-RADIO-RURALE.mp3\"><\/audio><figcaption>Emission du 22 Janvier 2019<\/figcaption><\/figure>\n\n\n\n<figure class=\"wp-block-audio\"><audio controls src=\"https:\/\/famelona.mg\/wp-content\/uploads\/2019\/09\/EMISSION-FAMELONA-CE-29-01-2019-RADIO-NOSY-MAGNITRY.mp3\"><\/audio><figcaption>Emission du 29 Janvier 2019<\/figcaption><\/figure>\n\n\n\n<figure class=\"wp-block-audio\"><audio controls src=\"https:\/\/famelona.mg\/wp-content\/uploads\/2019\/09\/EMISSION-FAMELOGNO-CE-05-FEVRIER-2019.mp3\"><\/audio><figcaption>Emission du 05 F\u00e9vrier 2019<\/figcaption><\/figure>\n\n\n\n<figure class=\"wp-block-audio\"><audio controls src=\"https:\/\/famelona.mg\/wp-content\/uploads\/2019\/09\/EMISSION-FAMELONA-CE-12-FEVRIER-2019-.mp3\"><\/audio><figcaption>Emission du 12 f\u00e9vrier 2019<\/figcaption><\/figure>\n\n\n\n<figure class=\"wp-block-audio\"><audio controls src=\"https:\/\/famelona.mg\/wp-content\/uploads\/2019\/09\/EMISSION-FAMELONA-CE-26-FEVRIER-2019-.mp3\"><\/audio><figcaption>Emission du 26 fevrier 2019<\/figcaption><\/figure>\n\n\n\n<figure class=\"wp-block-audio\"><audio controls src=\"https:\/\/famelona.mg\/wp-content\/uploads\/2020\/02\/EMISSION-FAMELOGNO-CE-26-MARS-2019.mp3\"><\/audio><figcaption>Emission du 26 mars 2019<\/figcaption><\/figure>\n\n\n\n<figure class=\"wp-block-audio\"><audio controls src=\"https:\/\/famelona.mg\/wp-content\/uploads\/2020\/02\/EMISSION-FAMELOGNO-CE-16-AVRIL-2019.mp3\"><\/audio><figcaption>Emission du 16 avril 2019<br><\/figcaption><\/figure>\n\n\n\n<figure class=\"wp-block-audio\"><audio controls src=\"https:\/\/famelona.mg\/wp-content\/uploads\/2020\/02\/EMISSION-FAMELONA-CE-07-MAI-2019.mp3\"><\/audio><figcaption>Emission du 07 mai 2019<\/figcaption><\/figure>\n\n\n\n<figure class=\"wp-block-audio\"><audio controls src=\"https:\/\/famelona.mg\/wp-content\/uploads\/2020\/02\/EMISSION-FAMELONA-DU-18-JUIN-2019.mp3\"><\/audio><figcaption>Emission du 18 juin 2019<\/figcaption><\/figure>\n\n\n\n<figure class=\"wp-block-audio\"><audio controls src=\"https:\/\/famelona.mg\/wp-content\/uploads\/2020\/02\/EMISSION-FAMELONA-DU-02-JUILLET-2019.mp3\"><\/audio><figcaption>Emission du 02 juillet 2019<\/figcaption><\/figure>\n\n\n\n<figure class=\"wp-block-audio\"><audio controls src=\"https:\/\/famelona.mg\/wp-content\/uploads\/2020\/02\/EMISSION-FAMELOGNO-DU-30-JUILLET-2019.mp3\"><\/audio><figcaption>Emission de 30 juillet 2019<\/figcaption><\/figure>\n\n\n\n<figure class=\"wp-block-audio\"><audio controls src=\"https:\/\/famelona.mg\/wp-content\/uploads\/2020\/02\/EMISSION-FAMELOGNO-DU-06-AOUT-2019.mp3\"><\/audio><figcaption>Emission du 06 Ao\u00fbt 2019<\/figcaption><\/figure>\n\n\n\n<figure class=\"wp-block-audio\"><audio controls src=\"https:\/\/famelona.mg\/wp-content\/uploads\/2020\/02\/EMISSION-FAMELOGNO-DU-13-AOUT-2019.mp3\"><\/audio><figcaption>Emission du 13 Ao\u00fbt 2019<\/figcaption><\/figure>\n\n\n\n<figure class=\"wp-block-audio\"><audio controls src=\"https:\/\/famelona.mg\/wp-content\/uploads\/2020\/02\/EMISSION-FAMELOGNO-DU-03-SEPTEMBRE-2019.mp3\"><\/audio><figcaption>Emission du 03 septembre 2019<\/figcaption><\/figure>\n\n\n\n<figure class=\"wp-block-audio\"><audio controls src=\"https:\/\/famelona.mg\/wp-content\/uploads\/2020\/02\/EMISSION-FAMELOGNO-DU-10-SEPTEMBRE-2019.mp3\"><\/audio><figcaption>Emission du 10 septembre 2019<\/figcaption><\/figure>\n","protected":false},"excerpt":{"rendered":"<p>Dans sa d\u00e9marche, l&rsquo;Association pr\u00f4ne toujours une approche de proximit\u00e9 et inclusive. Aussi, dans le cadre de ses missions d\u2019\u00e9ducation durable, l\u2019Association [&hellip;]<\/p>\n","protected":false},"author":1,"featured_media":744,"comment_status":"closed","ping_status":"open","sticky":false,"template":"","format":"standard","meta":{"advgb_blocks_editor_width":"","advgb_blocks_columns_visual_guide":"","episode_type":"","audio_file":"http:\/\/famelona.mg\/wp-content\/uploads\/2019\/09\/EMISSION-FAMELONA-CE-08-JENVIER-2019-Radio-Nosy-Manitra.mp3\n26429787\naudio\/mpeg\n","cover_image":"","cover_image_id":"","duration":"","filesize":"","date_recorded":"","explicit":"","block":"","filesize_raw":"","footnotes":"","jetpack_publicize_message":"","jetpack_is_tweetstorm":false,"jetpack_publicize_feature_enabled":true,"jetpack_social_options":[]},"categories":[6,7],"tags":[],"jetpack_publicize_connections":[],"aioseo_notices":[],"author_meta":{"display_name":"Association Famelona","author_link":"https:\/\/famelona.mg\/?author=1"},"featured_img":"https:\/\/i0.wp.com\/famelona.mg\/wp-content\/uploads\/2020\/11\/84299588_634890290612688_1594841667628695552_o.jpg?fit=300%2C170&ssl=1","jetpack_featured_media_url":"https:\/\/i0.wp.com\/famelona.mg\/wp-content\/uploads\/2020\/11\/84299588_634890290612688_1594841667628695552_o.jpg?fit=960%2C544&ssl=1","coauthors":[],"tax_additional":{"categories":{"linked":["<a href=\"https:\/\/famelona.mg\/?cat=6\" class=\"advgb-post-tax-term\">Aire prot\u00e9g\u00e9e d&#039;Ampasindava<\/a>","<a href=\"https:\/\/famelona.mg\/?cat=7\" class=\"advgb-post-tax-term\">Aire prot\u00e9g\u00e9e de Galoko-Kalobinono<\/a>"],"unlinked":["<span class=\"advgb-post-tax-term\">Aire prot\u00e9g\u00e9e d&#039;Ampasindava<\/span>","<span class=\"advgb-post-tax-term\">Aire prot\u00e9g\u00e9e de Galoko-Kalobinono<\/span>"]}},"comment_count":"0","relative_dates":{"created":"Publi\u00e9 5 ans il y a","modified":"Mis \u00e0 jour 5 ans il y a"},"absolute_dates":{"created":"Publi\u00e9 le 11 novembre 2020","modified":"Mise \u00e0 jour le 11 novembre 2020"},"absolute_dates_time":{"created":"Publi\u00e9 le 11 novembre 2020 8 h 13 min","modified":"Mise \u00e0 jour le 11 novembre 2020 14 h 11 min"},"featured_img_caption":"","series_order":"","jetpack_likes_enabled":true,"jetpack_sharing_enabled":true,"_links":{"self":[{"href":"https:\/\/famelona.mg\/index.php?rest_route=\/wp\/v2\/posts\/720"}],"collection":[{"href":"https:\/\/famelona.mg\/index.php?rest_route=\/wp\/v2\/posts"}],"about":[{"href":"https:\/\/famelona.mg\/index.php?rest_route=\/wp\/v2\/types\/post"}],"author":[{"embeddable":true,"href":"https:\/\/famelona.mg\/index.php?rest_route=\/wp\/v2\/users\/1"}],"replies":[{"embeddable":true,"href":"https:\/\/famelona.mg\/index.php?rest_route=%2Fwp%2Fv2%2Fcomments&post=720"}],"version-history":[{"count":16,"href":"https:\/\/famelona.mg\/index.php?rest_route=\/wp\/v2\/posts\/720\/revisions"}],"predecessor-version":[{"id":758,"href":"https:\/\/famelona.mg\/index.php?rest_route=\/wp\/v2\/posts\/720\/revisions\/758"}],"wp:featuredmedia":[{"embeddable":true,"href":"https:\/\/famelona.mg\/index.php?rest_route=\/wp\/v2\/media\/744"}],"wp:attachment":[{"href":"https:\/\/famelona.mg\/index.php?rest_route=%2Fwp%2Fv2%2Fmedia&parent=720"}],"wp:term":[{"taxonomy":"category","embeddable":true,"href":"https:\/\/famelona.mg\/index.php?rest_route=%2Fwp%2Fv2%2Fcategories&post=720"},{"taxonomy":"post_tag","embeddable":true,"href":"https:\/\/famelona.mg\/index.php?rest_route=%2Fwp%2Fv2%2Ftags&post=720"}],"curies":[{"name":"wp","href":"https:\/\/api.w.org\/{rel}","templated":true}]}}